{"id":12775,"date":"2022-08-18T10:56:45","date_gmt":"2022-08-18T13:56:45","guid":{"rendered":"https:\/\/sutecba.org.ar\/sitio\/?p=12775"},"modified":"2022-08-18T10:59:28","modified_gmt":"2022-08-18T13:59:28","slug":"movilizacion-17-de-agosto-2022","status":"publish","type":"post","link":"https:\/\/sutecba.org.ar\/sitio\/2022\/08\/18\/movilizacion-17-de-agosto-2022\/","title":{"rendered":"Movilizaci\u00f3n 17 de Agosto 2022"},"content":{"rendered":"\t\t<div data-elementor-type=\"wp-post\" data-elementor-id=\"12775\" class=\"elementor elementor-12775\">\n\t\t\t\t\t\t<section class=\"elementor-section elementor-top-section elementor-element elementor-element-784810c elementor-section-boxed elementor-section-height-default elementor-section-height-default wd-section-disabled\" data-id=\"784810c\" data-element_type=\"section\" data-e-type=\"section\" data-settings=\"{&quot;ekit_has_onepagescroll_dot&quot;:&quot;yes&quot;}\">\n\t\t\t\t\t\t<div class=\"elementor-container elementor-column-gap-default\">\n\t\t\t\t\t<div class=\"elementor-column elementor-col-100 elementor-top-column elementor-element elementor-element-f5ee927\" data-id=\"f5ee927\" data-element_type=\"column\" data-e-type=\"column\">\n\t\t\t<div class=\"elementor-widget-wrap elementor-element-populated\">\n\t\t\t\t\t\t<div class=\"elementor-element elementor-element-7ad5c58 elementor-widget elementor-widget-wd_text_block\" data-id=\"7ad5c58\" data-element_type=\"widget\" data-e-type=\"widget\" data-settings=\"{&quot;ekit_we_effect_on&quot;:&quot;none&quot;}\" data-widget_type=\"wd_text_block.default\">\n\t\t\t\t<div class=\"elementor-widget-container\">\n\t\t\t\t\t\t\t\t<link rel=\"stylesheet\" id=\"wd-text-block-css\" href=\"https:\/\/sutecba.org.ar\/sitio\/wp-content\/themes\/woodmart\/css\/parts\/el-text-block.min.css?ver=6.2.3\" type=\"text\/css\" media=\"all\" \/> \t\t\t\t\t<div class=\"wd-text-block reset-last-child text-left\">\n\t\t\t\n\t\t\t<p>Se llev\u00f3 a cabo la movilizaci\u00f3n de la CGT y SUTECBA acompa\u00f1\u00f3 con gran convocatoria de compa\u00f1eros\/as de las distintas reparticiones y el Consejo Directivo, bajo el lema PRIMERO LA PATRIA.<\/p><p>Les acercamos un video resumen con las im\u00e1genes de tan destacada jornada por los derechos de todos y todas las trabajadoras.<\/p>\n\t\t\t\t\t<\/div>\n\t\t\t\t\t\t<\/div>\n\t\t\t\t<\/div>\n\t\t\t\t<div class=\"elementor-element elementor-element-6e4ec7c elementor-widget elementor-widget-video\" data-id=\"6e4ec7c\" data-element_type=\"widget\" data-e-type=\"widget\" data-settings=\"{&quot;youtube_url&quot;:&quot;https:\\\/\\\/youtu.be\\\/6Zo3kROK-4E&quot;,&quot;video_type&quot;:&quot;youtube&quot;,&quot;controls&quot;:&quot;yes&quot;,&quot;ekit_we_effect_on&quot;:&quot;none&quot;}\" data-widget_type=\"video.default\">\n\t\t\t\t<div class=\"elementor-widget-container\">\n\t\t\t\t\t\t\t<div class=\"elementor-wrapper elementor-open-inline\">\n\t\t\t<div class=\"elementor-video\"><\/div>\t\t<\/div>\n\t\t\t\t\t\t<\/div>\n\t\t\t\t<\/div>\n\t\t\t\t\t<\/div>\n\t\t<\/div>\n\t\t\t\t\t<\/div>\n\t\t<\/section>\n\t\t\t\t<\/div>\n\t\t","protected":false},"excerpt":{"rendered":"<p>Se llev\u00f3 a cabo la movilizaci\u00f3n de la CGT y SUTECBA acompa\u00f1\u00f3 con gran convocatoria de compa\u00f1eros\/as de las distintas reparticiones y el Consejo Directivo, bajo el lema PRIMERO LA PATRIA.<\/p>\n","protected":false},"author":1,"featured_media":12757,"comment_status":"closed","ping_status":"open","sticky":false,"template":"elementor_header_footer","format":"standard","meta":{"footnotes":""},"categories":[94],"tags":[354,350,355,99],"class_list":["post-12775","post","type-post","status-publish","format-standard","has-post-thumbnail","hentry","category-actualidad","tag-17-de-agosto","tag-cgt","tag-movilizacion","tag-sutecba"],"yoast_head":"<!-- This site is optimized with the Yoast SEO plugin v27.4 - https:\/\/yoast.com\/product\/yoast-seo-wordpress\/ -->\n<title>Movilizaci\u00f3n 17 de Agosto 2022 - S.U.T.E.C.B.A. || Sindicato \u00danico de Trabajadores del Estado de la Ciudad de Buenos Aires<\/title>\n<meta name=\"robots\" content=\"index, follow, max-snippet:-1, max-image-preview:large, max-video-preview:-1\" \/>\n<link rel=\"canonical\" href=\"https:\/\/sutecba.org.ar\/sitio\/2022\/08\/18\/movilizacion-17-de-agosto-2022\/\" \/>\n<meta property=\"og:locale\" content=\"es_ES\" \/>\n<meta property=\"og:type\" content=\"article\" \/>\n<meta property=\"og:title\" content=\"Movilizaci\u00f3n 17 de Agosto 2022 - S.U.T.E.C.B.A. || Sindicato \u00danico de Trabajadores del Estado de la Ciudad de Buenos Aires\" \/>\n<meta property=\"og:description\" content=\"Se llev\u00f3 a cabo la movilizaci\u00f3n de la CGT y SUTECBA acompa\u00f1\u00f3 con gran convocatoria de compa\u00f1eros\/as de las distintas reparticiones y el Consejo Directivo, bajo el lema PRIMERO LA PATRIA.\" \/>\n<meta property=\"og:url\" content=\"https:\/\/sutecba.org.ar\/sitio\/2022\/08\/18\/movilizacion-17-de-agosto-2022\/\" \/>\n<meta property=\"og:site_name\" content=\"S.U.T.E.C.B.A. || Sindicato \u00danico de Trabajadores del Estado de la Ciudad de Buenos Aires\" \/>\n<meta property=\"article:published_time\" content=\"2022-08-18T13:56:45+00:00\" \/>\n<meta property=\"article:modified_time\" content=\"2022-08-18T13:59:28+00:00\" \/>\n<meta property=\"og:image\" content=\"https:\/\/sutecba.org.ar\/sitio\/wp-content\/uploads\/2022\/08\/297955932_572733050987553_8189337998775783222_n.jpeg\" \/>\n\t<meta property=\"og:image:width\" content=\"2048\" \/>\n\t<meta property=\"og:image:height\" content=\"2048\" \/>\n\t<meta property=\"og:image:type\" content=\"image\/jpeg\" \/>\n<meta name=\"author\" content=\"Comunicaci\u00f3n Sutecba\" \/>\n<meta name=\"twitter:card\" content=\"summary_large_image\" \/>\n<meta name=\"twitter:label1\" content=\"Escrito por\" \/>\n\t<meta name=\"twitter:data1\" content=\"Comunicaci\u00f3n Sutecba\" \/>\n\t<meta name=\"twitter:label2\" content=\"Tiempo de lectura\" \/>\n\t<meta name=\"twitter:data2\" content=\"6 minutos\" \/>\n<script type=\"application\/ld+json\" class=\"yoast-schema-graph\">{\"@context\":\"https:\\\/\\\/schema.org\",\"@graph\":[{\"@type\":\"Article\",\"@id\":\"https:\\\/\\\/sutecba.org.ar\\\/sitio\\\/2022\\\/08\\\/18\\\/movilizacion-17-de-agosto-2022\\\/#article\",\"isPartOf\":{\"@id\":\"https:\\\/\\\/sutecba.org.ar\\\/sitio\\\/2022\\\/08\\\/18\\\/movilizacion-17-de-agosto-2022\\\/\"},\"author\":{\"name\":\"Comunicaci\u00f3n Sutecba\",\"@id\":\"https:\\\/\\\/sutecba.org.ar\\\/sitio\\\/#\\\/schema\\\/person\\\/4fc1c993c1e43eb76dbd2d85779f0b6e\"},\"headline\":\"Movilizaci\u00f3n 17 de Agosto 2022\",\"datePublished\":\"2022-08-18T13:56:45+00:00\",\"dateModified\":\"2022-08-18T13:59:28+00:00\",\"mainEntityOfPage\":{\"@id\":\"https:\\\/\\\/sutecba.org.ar\\\/sitio\\\/2022\\\/08\\\/18\\\/movilizacion-17-de-agosto-2022\\\/\"},\"wordCount\":66,\"image\":{\"@id\":\"https:\\\/\\\/sutecba.org.ar\\\/sitio\\\/2022\\\/08\\\/18\\\/movilizacion-17-de-agosto-2022\\\/#primaryimage\"},\"thumbnailUrl\":\"https:\\\/\\\/sutecba.org.ar\\\/sitio\\\/wp-content\\\/uploads\\\/2022\\\/08\\\/297955932_572733050987553_8189337998775783222_n.jpeg\",\"keywords\":[\"17 de agosto\",\"cgt\",\"movilizacion\",\"Sutecba\"],\"articleSection\":[\"Actualidad\"],\"inLanguage\":\"es-AR\"},{\"@type\":\"WebPage\",\"@id\":\"https:\\\/\\\/sutecba.org.ar\\\/sitio\\\/2022\\\/08\\\/18\\\/movilizacion-17-de-agosto-2022\\\/\",\"url\":\"https:\\\/\\\/sutecba.org.ar\\\/sitio\\\/2022\\\/08\\\/18\\\/movilizacion-17-de-agosto-2022\\\/\",\"name\":\"Movilizaci\u00f3n 17 de Agosto 2022 - S.U.T.E.C.B.A. || Sindicato \u00danico de Trabajadores del Estado de la Ciudad de Buenos Aires\",\"isPartOf\":{\"@id\":\"https:\\\/\\\/sutecba.org.ar\\\/sitio\\\/#website\"},\"primaryImageOfPage\":{\"@id\":\"https:\\\/\\\/sutecba.org.ar\\\/sitio\\\/2022\\\/08\\\/18\\\/movilizacion-17-de-agosto-2022\\\/#primaryimage\"},\"image\":{\"@id\":\"https:\\\/\\\/sutecba.org.ar\\\/sitio\\\/2022\\\/08\\\/18\\\/movilizacion-17-de-agosto-2022\\\/#primaryimage\"},\"thumbnailUrl\":\"https:\\\/\\\/sutecba.org.ar\\\/sitio\\\/wp-content\\\/uploads\\\/2022\\\/08\\\/297955932_572733050987553_8189337998775783222_n.jpeg\",\"datePublished\":\"2022-08-18T13:56:45+00:00\",\"dateModified\":\"2022-08-18T13:59:28+00:00\",\"author\":{\"@id\":\"https:\\\/\\\/sutecba.org.ar\\\/sitio\\\/#\\\/schema\\\/person\\\/4fc1c993c1e43eb76dbd2d85779f0b6e\"},\"breadcrumb\":{\"@id\":\"https:\\\/\\\/sutecba.org.ar\\\/sitio\\\/2022\\\/08\\\/18\\\/movilizacion-17-de-agosto-2022\\\/#breadcrumb\"},\"inLanguage\":\"es-AR\",\"potentialAction\":[{\"@type\":\"ReadAction\",\"target\":[\"https:\\\/\\\/sutecba.org.ar\\\/sitio\\\/2022\\\/08\\\/18\\\/movilizacion-17-de-agosto-2022\\\/\"]}]},{\"@type\":\"ImageObject\",\"inLanguage\":\"es-AR\",\"@id\":\"https:\\\/\\\/sutecba.org.ar\\\/sitio\\\/2022\\\/08\\\/18\\\/movilizacion-17-de-agosto-2022\\\/#primaryimage\",\"url\":\"https:\\\/\\\/sutecba.org.ar\\\/sitio\\\/wp-content\\\/uploads\\\/2022\\\/08\\\/297955932_572733050987553_8189337998775783222_n.jpeg\",\"contentUrl\":\"https:\\\/\\\/sutecba.org.ar\\\/sitio\\\/wp-content\\\/uploads\\\/2022\\\/08\\\/297955932_572733050987553_8189337998775783222_n.jpeg\",\"width\":2048,\"height\":2048},{\"@type\":\"BreadcrumbList\",\"@id\":\"https:\\\/\\\/sutecba.org.ar\\\/sitio\\\/2022\\\/08\\\/18\\\/movilizacion-17-de-agosto-2022\\\/#breadcrumb\",\"itemListElement\":[{\"@type\":\"ListItem\",\"position\":1,\"name\":\"Inicio\",\"item\":\"https:\\\/\\\/sutecba.org.ar\\\/sitio\\\/\"},{\"@type\":\"ListItem\",\"position\":2,\"name\":\"Movilizaci\u00f3n 17 de Agosto 2022\"}]},{\"@type\":\"WebSite\",\"@id\":\"https:\\\/\\\/sutecba.org.ar\\\/sitio\\\/#website\",\"url\":\"https:\\\/\\\/sutecba.org.ar\\\/sitio\\\/\",\"name\":\"S.U.T.E.C.B.A. || Sindicato \u00danico de Trabajadores del Estado de la Ciudad de Buenos Aires\",\"description\":\"Un Gremio Fuerte, Unido y Solidario.\",\"potentialAction\":[{\"@type\":\"SearchAction\",\"target\":{\"@type\":\"EntryPoint\",\"urlTemplate\":\"https:\\\/\\\/sutecba.org.ar\\\/sitio\\\/?s={search_term_string}\"},\"query-input\":{\"@type\":\"PropertyValueSpecification\",\"valueRequired\":true,\"valueName\":\"search_term_string\"}}],\"inLanguage\":\"es-AR\"},{\"@type\":\"Person\",\"@id\":\"https:\\\/\\\/sutecba.org.ar\\\/sitio\\\/#\\\/schema\\\/person\\\/4fc1c993c1e43eb76dbd2d85779f0b6e\",\"name\":\"Comunicaci\u00f3n Sutecba\",\"image\":{\"@type\":\"ImageObject\",\"inLanguage\":\"es-AR\",\"@id\":\"https:\\\/\\\/secure.gravatar.com\\\/avatar\\\/f3fc05d838c80c573ff0f50048f40b89f68deeb15dca661fcb5fed024f7d361b?s=96&d=mm&r=g\",\"url\":\"https:\\\/\\\/secure.gravatar.com\\\/avatar\\\/f3fc05d838c80c573ff0f50048f40b89f68deeb15dca661fcb5fed024f7d361b?s=96&d=mm&r=g\",\"contentUrl\":\"https:\\\/\\\/secure.gravatar.com\\\/avatar\\\/f3fc05d838c80c573ff0f50048f40b89f68deeb15dca661fcb5fed024f7d361b?s=96&d=mm&r=g\",\"caption\":\"Comunicaci\u00f3n Sutecba\"},\"sameAs\":[\"http:\\\/\\\/sutecba.org.ar\\\/sitio\"],\"url\":\"https:\\\/\\\/sutecba.org.ar\\\/sitio\\\/author\\\/admin\\\/\"}]}<\/script>\n<!-- \/ Yoast SEO plugin. -->","yoast_head_json":{"title":"Movilizaci\u00f3n 17 de Agosto 2022 - S.U.T.E.C.B.A. || Sindicato \u00danico de Trabajadores del Estado de la Ciudad de Buenos Aires","robots":{"index":"index","follow":"follow","max-snippet":"max-snippet:-1","max-image-preview":"max-image-preview:large","max-video-preview":"max-video-preview:-1"},"canonical":"https:\/\/sutecba.org.ar\/sitio\/2022\/08\/18\/movilizacion-17-de-agosto-2022\/","og_locale":"es_ES","og_type":"article","og_title":"Movilizaci\u00f3n 17 de Agosto 2022 - S.U.T.E.C.B.A. || Sindicato \u00danico de Trabajadores del Estado de la Ciudad de Buenos Aires","og_description":"Se llev\u00f3 a cabo la movilizaci\u00f3n de la CGT y SUTECBA acompa\u00f1\u00f3 con gran convocatoria de compa\u00f1eros\/as de las distintas reparticiones y el Consejo Directivo, bajo el lema PRIMERO LA PATRIA.","og_url":"https:\/\/sutecba.org.ar\/sitio\/2022\/08\/18\/movilizacion-17-de-agosto-2022\/","og_site_name":"S.U.T.E.C.B.A. || Sindicato \u00danico de Trabajadores del Estado de la Ciudad de Buenos Aires","article_published_time":"2022-08-18T13:56:45+00:00","article_modified_time":"2022-08-18T13:59:28+00:00","og_image":[{"width":2048,"height":2048,"url":"https:\/\/sutecba.org.ar\/sitio\/wp-content\/uploads\/2022\/08\/297955932_572733050987553_8189337998775783222_n.jpeg","type":"image\/jpeg"}],"author":"Comunicaci\u00f3n Sutecba","twitter_card":"summary_large_image","twitter_misc":{"Escrito por":"Comunicaci\u00f3n Sutecba","Tiempo de lectura":"6 minutos"},"schema":{"@context":"https:\/\/schema.org","@graph":[{"@type":"Article","@id":"https:\/\/sutecba.org.ar\/sitio\/2022\/08\/18\/movilizacion-17-de-agosto-2022\/#article","isPartOf":{"@id":"https:\/\/sutecba.org.ar\/sitio\/2022\/08\/18\/movilizacion-17-de-agosto-2022\/"},"author":{"name":"Comunicaci\u00f3n Sutecba","@id":"https:\/\/sutecba.org.ar\/sitio\/#\/schema\/person\/4fc1c993c1e43eb76dbd2d85779f0b6e"},"headline":"Movilizaci\u00f3n 17 de Agosto 2022","datePublished":"2022-08-18T13:56:45+00:00","dateModified":"2022-08-18T13:59:28+00:00","mainEntityOfPage":{"@id":"https:\/\/sutecba.org.ar\/sitio\/2022\/08\/18\/movilizacion-17-de-agosto-2022\/"},"wordCount":66,"image":{"@id":"https:\/\/sutecba.org.ar\/sitio\/2022\/08\/18\/movilizacion-17-de-agosto-2022\/#primaryimage"},"thumbnailUrl":"https:\/\/sutecba.org.ar\/sitio\/wp-content\/uploads\/2022\/08\/297955932_572733050987553_8189337998775783222_n.jpeg","keywords":["17 de agosto","cgt","movilizacion","Sutecba"],"articleSection":["Actualidad"],"inLanguage":"es-AR"},{"@type":"WebPage","@id":"https:\/\/sutecba.org.ar\/sitio\/2022\/08\/18\/movilizacion-17-de-agosto-2022\/","url":"https:\/\/sutecba.org.ar\/sitio\/2022\/08\/18\/movilizacion-17-de-agosto-2022\/","name":"Movilizaci\u00f3n 17 de Agosto 2022 - S.U.T.E.C.B.A. || Sindicato \u00danico de Trabajadores del Estado de la Ciudad de Buenos Aires","isPartOf":{"@id":"https:\/\/sutecba.org.ar\/sitio\/#website"},"primaryImageOfPage":{"@id":"https:\/\/sutecba.org.ar\/sitio\/2022\/08\/18\/movilizacion-17-de-agosto-2022\/#primaryimage"},"image":{"@id":"https:\/\/sutecba.org.ar\/sitio\/2022\/08\/18\/movilizacion-17-de-agosto-2022\/#primaryimage"},"thumbnailUrl":"https:\/\/sutecba.org.ar\/sitio\/wp-content\/uploads\/2022\/08\/297955932_572733050987553_8189337998775783222_n.jpeg","datePublished":"2022-08-18T13:56:45+00:00","dateModified":"2022-08-18T13:59:28+00:00","author":{"@id":"https:\/\/sutecba.org.ar\/sitio\/#\/schema\/person\/4fc1c993c1e43eb76dbd2d85779f0b6e"},"breadcrumb":{"@id":"https:\/\/sutecba.org.ar\/sitio\/2022\/08\/18\/movilizacion-17-de-agosto-2022\/#breadcrumb"},"inLanguage":"es-AR","potentialAction":[{"@type":"ReadAction","target":["https:\/\/sutecba.org.ar\/sitio\/2022\/08\/18\/movilizacion-17-de-agosto-2022\/"]}]},{"@type":"ImageObject","inLanguage":"es-AR","@id":"https:\/\/sutecba.org.ar\/sitio\/2022\/08\/18\/movilizacion-17-de-agosto-2022\/#primaryimage","url":"https:\/\/sutecba.org.ar\/sitio\/wp-content\/uploads\/2022\/08\/297955932_572733050987553_8189337998775783222_n.jpeg","contentUrl":"https:\/\/sutecba.org.ar\/sitio\/wp-content\/uploads\/2022\/08\/297955932_572733050987553_8189337998775783222_n.jpeg","width":2048,"height":2048},{"@type":"BreadcrumbList","@id":"https:\/\/sutecba.org.ar\/sitio\/2022\/08\/18\/movilizacion-17-de-agosto-2022\/#breadcrumb","itemListElement":[{"@type":"ListItem","position":1,"name":"Inicio","item":"https:\/\/sutecba.org.ar\/sitio\/"},{"@type":"ListItem","position":2,"name":"Movilizaci\u00f3n 17 de Agosto 2022"}]},{"@type":"WebSite","@id":"https:\/\/sutecba.org.ar\/sitio\/#website","url":"https:\/\/sutecba.org.ar\/sitio\/","name":"S.U.T.E.C.B.A. || Sindicato \u00danico de Trabajadores del Estado de la Ciudad de Buenos Aires","description":"Un Gremio Fuerte, Unido y Solidario.","potentialAction":[{"@type":"SearchAction","target":{"@type":"EntryPoint","urlTemplate":"https:\/\/sutecba.org.ar\/sitio\/?s={search_term_string}"},"query-input":{"@type":"PropertyValueSpecification","valueRequired":true,"valueName":"search_term_string"}}],"inLanguage":"es-AR"},{"@type":"Person","@id":"https:\/\/sutecba.org.ar\/sitio\/#\/schema\/person\/4fc1c993c1e43eb76dbd2d85779f0b6e","name":"Comunicaci\u00f3n Sutecba","image":{"@type":"ImageObject","inLanguage":"es-AR","@id":"https:\/\/secure.gravatar.com\/avatar\/f3fc05d838c80c573ff0f50048f40b89f68deeb15dca661fcb5fed024f7d361b?s=96&d=mm&r=g","url":"https:\/\/secure.gravatar.com\/avatar\/f3fc05d838c80c573ff0f50048f40b89f68deeb15dca661fcb5fed024f7d361b?s=96&d=mm&r=g","contentUrl":"https:\/\/secure.gravatar.com\/avatar\/f3fc05d838c80c573ff0f50048f40b89f68deeb15dca661fcb5fed024f7d361b?s=96&d=mm&r=g","caption":"Comunicaci\u00f3n Sutecba"},"sameAs":["http:\/\/sutecba.org.ar\/sitio"],"url":"https:\/\/sutecba.org.ar\/sitio\/author\/admin\/"}]}},"jetpack_featured_media_url":"https:\/\/sutecba.org.ar\/sitio\/wp-content\/uploads\/2022\/08\/297955932_572733050987553_8189337998775783222_n.jpeg","_links":{"self":[{"href":"https:\/\/sutecba.org.ar\/sitio\/wp-json\/wp\/v2\/posts\/12775","targetHints":{"allow":["GET"]}}],"collection":[{"href":"https:\/\/sutecba.org.ar\/sitio\/wp-json\/wp\/v2\/posts"}],"about":[{"href":"https:\/\/sutecba.org.ar\/sitio\/wp-json\/wp\/v2\/types\/post"}],"author":[{"embeddable":true,"href":"https:\/\/sutecba.org.ar\/sitio\/wp-json\/wp\/v2\/users\/1"}],"replies":[{"embeddable":true,"href":"https:\/\/sutecba.org.ar\/sitio\/wp-json\/wp\/v2\/comments?post=12775"}],"version-history":[{"count":5,"href":"https:\/\/sutecba.org.ar\/sitio\/wp-json\/wp\/v2\/posts\/12775\/revisions"}],"predecessor-version":[{"id":12783,"href":"https:\/\/sutecba.org.ar\/sitio\/wp-json\/wp\/v2\/posts\/12775\/revisions\/12783"}],"wp:featuredmedia":[{"embeddable":true,"href":"https:\/\/sutecba.org.ar\/sitio\/wp-json\/wp\/v2\/media\/12757"}],"wp:attachment":[{"href":"https:\/\/sutecba.org.ar\/sitio\/wp-json\/wp\/v2\/media?parent=12775"}],"wp:term":[{"taxonomy":"category","embeddable":true,"href":"https:\/\/sutecba.org.ar\/sitio\/wp-json\/wp\/v2\/categories?post=12775"},{"taxonomy":"post_tag","embeddable":true,"href":"https:\/\/sutecba.org.ar\/sitio\/wp-json\/wp\/v2\/tags?post=12775"}],"curies":[{"name":"wp","href":"https:\/\/api.w.org\/{rel}","templated":true}]}}