{"id":12728,"date":"2022-08-05T18:26:20","date_gmt":"2022-08-05T21:26:20","guid":{"rendered":"https:\/\/sutecba.org.ar\/sitio\/?p=12728"},"modified":"2022-08-05T18:36:11","modified_gmt":"2022-08-05T21:36:11","slug":"esta-es-la-postura-que-sostiene-nuestro-secretario-general-amadeo-genta","status":"publish","type":"post","link":"https:\/\/sutecba.org.ar\/sitio\/2022\/08\/05\/esta-es-la-postura-que-sostiene-nuestro-secretario-general-amadeo-genta\/","title":{"rendered":"Esta es la postura que sostiene nuestro Secretario General  Amadeo Genta"},"content":{"rendered":"\t\t<div data-elementor-type=\"wp-post\" data-elementor-id=\"12728\" class=\"elementor elementor-12728\">\n\t\t\t\t\t\t<section class=\"elementor-section elementor-top-section elementor-element elementor-element-1279711b elementor-section-boxed elementor-section-height-default elementor-section-height-default wd-section-disabled\" data-id=\"1279711b\" data-element_type=\"section\" data-e-type=\"section\" data-settings=\"{&quot;ekit_has_onepagescroll_dot&quot;:&quot;yes&quot;}\">\n\t\t\t\t\t\t<div class=\"elementor-container elementor-column-gap-default\">\n\t\t\t\t\t<div class=\"elementor-column elementor-col-100 elementor-top-column elementor-element elementor-element-49c58d98\" data-id=\"49c58d98\" data-element_type=\"column\" data-e-type=\"column\">\n\t\t\t<div class=\"elementor-widget-wrap elementor-element-populated\">\n\t\t\t\t\t\t<div class=\"elementor-element elementor-element-ff69b61 elementor-widget elementor-widget-wd_text_block\" data-id=\"ff69b61\" data-element_type=\"widget\" data-e-type=\"widget\" data-settings=\"{&quot;ekit_we_effect_on&quot;:&quot;none&quot;}\" data-widget_type=\"wd_text_block.default\">\n\t\t\t\t<div class=\"elementor-widget-container\">\n\t\t\t\t\t\t\t\t<link rel=\"stylesheet\" id=\"wd-text-block-css\" href=\"https:\/\/sutecba.org.ar\/sitio\/wp-content\/themes\/woodmart\/css\/parts\/el-text-block.min.css?ver=6.2.3\" type=\"text\/css\" media=\"all\" \/> \t\t\t\t\t<div class=\"wd-text-block reset-last-child text-left\">\n\t\t\t\n\t\t\t<h4>Son los que firmaron aumentos por el 60% anual y consideran que se quedaron cortos. Comercio, la UOCRA y <span style=\"color: #0c59ab;\">SUTECBA<\/span>, ya iniciaron conversaciones.<\/h4>\n\t\t\t\t\t<\/div>\n\t\t\t\t\t\t<\/div>\n\t\t\t\t<\/div>\n\t\t\t\t<div class=\"elementor-element elementor-element-2ee5b02 elementor-widget elementor-widget-wd_text_block\" data-id=\"2ee5b02\" data-element_type=\"widget\" data-e-type=\"widget\" data-settings=\"{&quot;ekit_we_effect_on&quot;:&quot;none&quot;}\" data-widget_type=\"wd_text_block.default\">\n\t\t\t\t<div class=\"elementor-widget-container\">\n\t\t\t\t\t\t\t<div class=\"wd-text-block reset-last-child text-left\">\n\t\t\t\n\t\t\t<p>A fines de mayo, es decir<strong>\u00a0hace dos meses y monedas<\/strong>, el sindicato de los empleados municipales de la\u00a0Ciudad de Buenos Aires\u00a0(SUTECBA) firm\u00f3 su\u00a0paritaria\u00a02022: 60% de aumento en 8 cuotas. Por la\u00a0<strong>disparada\u00a0<\/strong>de la\u00a0inflaci\u00f3n, el gremio\u00a0<strong>ya arranc\u00f3 la negociaci\u00f3n<\/strong>\u00a0para revisar su acuerdo salarial.<\/p><p><strong>\"Por lo menos queremos otro aumento del 20%. Como m\u00ednimo\"<\/strong>, adelant\u00f3 a<strong>\u00a0Clar\u00edn<\/strong>\u00a0<strong>Alejandro Amor<\/strong>, secretario general adjunto de SUTECBA, gremio que representa a los cerca de 180.000 trabajadores municipales de la Ciudad.<\/p><p>Se trata de un\u00a0<strong>fen\u00f3meno<\/strong>\u00a0que empieza a\u00a0<strong>repetirse<\/strong>\u00a0en otros grandes gremios, como el\u00a0<strong>mercantil\u00a0<\/strong>y el de la\u00a0construcci\u00f3n.<\/p><p>Comercio, el sindicato m\u00e1s poderoso del pa\u00eds -<strong>representa<\/strong>\u00a0<strong>1,2 mill\u00f3n de afiliados<\/strong>- ya inici\u00f3 contactos con dos de las c\u00e1maras patronales del sector para\u00a0<strong>reabrir el acuerdo salarial sellado en abril<\/strong>\u00a0y que estableci\u00f3 una suba del 59,5% en 7 tramos.<\/p><p>Los mercantiles a\u00fan deben recibir una suba del 10% en agosto, otro 10% en septiembre, 11% en noviembre y 10,5% en enero del a\u00f1o que viene.<\/p><p>Por el\u00a0<strong>espiral inflacionario<\/strong>, ahora el gremio que lidera\u00a0Armando Cavalieri\u00a0quiere sumar incrementos en los meses en los que el acuerdo vigente no ten\u00eda previsto ninguno, como octubre y diciembre.<\/p><p>\"Con una inflaci\u00f3n proyectada en julio del 8% y una anual de m\u00e1s del 70%\u00a0<strong>tenemos que sentarnos a revisar el acuerdo<\/strong>\", explicaron en el gremio de Comercio.<\/p><p>La UOCRA, el sindicato que conduce\u00a0Gerardo Mart\u00ednez, inici\u00f3 conversaciones con la C\u00e1mara Argentina de la Construcci\u00f3n (CAMARCO), seg\u00fan dijeron las fuentes consultadas. \"El salario no puede perder contra el proceso inflacionario\", advierten en el gremio.<\/p><p>A comienzo de mayo pasado, el sindicato de la construcci\u00f3n hab\u00eda firmado un acuerdo del 62% en 8 tramos con una cl\u00e1usula de revisi\u00f3n prevista originalmente para noviembre.<\/p><p>Seg\u00fan el acuerdo vigente, los trabajadores de la construcci\u00f3n deben recibir una suba del 8% en agosto; 8% en septiembre; 8% en octubre; 8% en noviembre; 5% en enero y 5% en febrero.<\/p><p>A fines de julio, la\u00a0Uni\u00f3n Obrera Metal\u00fargica\u00a0(UOM) fue el primero de los gremios grandes que logr\u00f3 renegociar su paritaria. Pero con una\u00a0<strong>particularidad<\/strong>: la anterior conducci\u00f3n del gremio hab\u00eda firmado un acuerdo por el 45%, muy por debajo de lo que lograron despu\u00e9s otros sindicatos.<\/p><p>Hace dos semanas, la nueva conducci\u00f3n que encabeza\u00a0<strong>Abel Furl\u00e1n<\/strong>\u00a0logr\u00f3 un incremento extra del 20%, con lo que la paritaria 2022 se estir\u00f3 a 65%. El escenario indica que el resto de los gremios volver\u00e1 a sobrepasar a la UOM.<\/p><h2>Otros gremios<\/h2><p>En otros gremios consultados por\u00a0<strong>Clar\u00edn\u00a0<\/strong>a\u00fan no arrancaron las conversaciones. En una de las c\u00e1maras que agrupa a las empresas de auto transporte de carga dijeron que Camioneros a\u00fan no hab\u00eda hecho llegar pedido.<\/p><p>Pero agregaron: \"Por el alza de la inflaci\u00f3n\u00a0<strong>suponemos que lo har\u00e1n<\/strong>, pero seguramente van a tener en cuenta la dif\u00edcil situaci\u00f3n que atraviesa el sector\".<\/p><p>En abril pasado,\u00a0Hugo Moyano\u00a0firm\u00f3 un aumento del 31% para los camioneros\u00a0<strong>pero por solo seis meses<\/strong>: 15% en mayo y 16% en septiembre.<\/p><p>En Gastron\u00f3micos, por ahora, no tienen previsto reclamar la reapertura. \"El 1\u00b0 de julio se acord\u00f3 el 60% y todav\u00eda no perdimos contra la inflaci\u00f3n. Tenemos revisi\u00f3n a fin de a\u00f1o\", dijeron en el sindicato que lidera\u00a0Luis Barrionuevo.<\/p><p>El Secretariado de\u00a0La Bancaria\u00a0estuvo reunido este mi\u00e9rcoles. Discutieron sobre su paritaria -firmaron en mayo 60% para 2022- pero como a\u00fan entienden le siguen ganando al alza de precios quedaron en<strong>\u00a0no pedir por ahora reabrir la negociaci\u00f3n<\/strong>.<\/p><p>El gremio de los municipales porte\u00f1os, adem\u00e1s de una suba extra reclama el pase a planta transitoria a los empleados con m\u00e1s de cuatro a\u00f1os de antig\u00fcedad, el pase a planta permanente del personal de planta transitoria y la efectivizaci\u00f3n de contratados.<\/p><p>\u00a0<\/p><p>\u00a0<\/p>\n\t\t\t\t\t<\/div>\n\t\t\t\t\t\t<\/div>\n\t\t\t\t<\/div>\n\t\t\t\t<div class=\"elementor-element elementor-element-46e7163 elementor-widget elementor-widget-wd_image_or_svg\" data-id=\"46e7163\" data-element_type=\"widget\" data-e-type=\"widget\" data-settings=\"{&quot;ekit_we_effect_on&quot;:&quot;none&quot;}\" data-widget_type=\"wd_image_or_svg.default\">\n\t\t\t\t<div class=\"elementor-widget-container\">\n\t\t\t\t\t\t\t\t<link rel=\"stylesheet\" id=\"wd-photoswipe-css\" href=\"https:\/\/sutecba.org.ar\/sitio\/wp-content\/themes\/woodmart\/css\/parts\/lib-photoswipe.min.css?ver=6.2.3\" type=\"text\/css\" media=\"all\" \/> \t\t\t\n\t\t<div class=\"wd-image text-center photoswipe-images\">\n\t\t\t\t\t\t\t<a  href=\"https:\/\/sutecba.org.ar\/sitio\/wp-content\/uploads\/2022\/08\/alejandro-amor-secretario-adjunto-de___ZWmTP_Yph_720x0__1.webp\"data-width=\"720\" data-height=\"480\" data-elementor-open-lightbox=\"no\">\n\t\t\t\t\t\t\t\t<img fetchpriority=\"high\" decoding=\"async\" width=\"720\" height=\"480\" src=\"https:\/\/sutecba.org.ar\/sitio\/wp-content\/themes\/woodmart\/images\/lazy.png\" class=\"attachment-full size-full wp-image-12729 wd-lazy-load wd-lazy-fade\" alt=\"\" srcset=\"\" sizes=\"(max-width: 720px) 100vw, 720px\" data-wood-src=\"https:\/\/sutecba.org.ar\/sitio\/wp-content\/uploads\/2022\/08\/alejandro-amor-secretario-adjunto-de___ZWmTP_Yph_720x0__1.webp\" data-srcset=\"https:\/\/sutecba.org.ar\/sitio\/wp-content\/uploads\/2022\/08\/alejandro-amor-secretario-adjunto-de___ZWmTP_Yph_720x0__1.webp 720w, https:\/\/sutecba.org.ar\/sitio\/wp-content\/uploads\/2022\/08\/alejandro-amor-secretario-adjunto-de___ZWmTP_Yph_720x0__1-400x267.webp 400w\" \/>\t\t\t\t\t\t\t<\/a>\n\t\t\t\t\t<\/div>\n\n\t\t\t\t\t\t<\/div>\n\t\t\t\t<\/div>\n\t\t\t\t<div class=\"elementor-element elementor-element-6073b98 elementor-widget elementor-widget-wd_text_block\" data-id=\"6073b98\" data-element_type=\"widget\" data-e-type=\"widget\" data-settings=\"{&quot;ekit_we_effect_on&quot;:&quot;none&quot;}\" data-widget_type=\"wd_text_block.default\">\n\t\t\t\t<div class=\"elementor-widget-container\">\n\t\t\t\t\t\t\t<div class=\"wd-text-block reset-last-child text-left\">\n\t\t\t\n\t\t\t<p>Tambi\u00e9n destac\u00f3 el\u00a0<strong>plan de transformaci\u00f3n de la obra social<\/strong>\u00a0proyectado para el a\u00f1o pr\u00f3ximo (con la construcci\u00f3n de una maternidad dentro del sanatorio del gremio), la efectivizaci\u00f3n de los contratados y el reconocimiento de una carrera \u00fanica de salud a los licenciados en Enfermer\u00eda.<\/p><p>\"No hay enemigos, hay posiciones que el gremio tiene, defendiendo derechos de los trabajadores y trabajadoras. En eso nuestra postura es siempre firme, como en no retroceder en las conquistas logradas\", afirm\u00f3 Genta.<\/p><p><strong>SUTECBA<\/strong> reclama tambi\u00e9n inversi\u00f3n en infraestructura. \"Los camiones de recolecci\u00f3n de residuos tienen 15 a\u00f1os de antig\u00fcedad\", apunt\u00f3 el secretario general adjunto\u00a0<strong>Alejandro Amor<\/strong>, quien mostr\u00f3 su \"compromiso de acompa\u00f1amiento permanente\" de\u00a0<strong>Amadeo Genta<\/strong>, titular del gremio.\u00a0<\/p><p>\u00a0<\/p><p><em><strong>FUENTE: clarin.com<\/strong><\/em><\/p>\n\t\t\t\t\t<\/div>\n\t\t\t\t\t\t<\/div>\n\t\t\t\t<\/div>\n\t\t\t\t\t<\/div>\n\t\t<\/div>\n\t\t\t\t\t<\/div>\n\t\t<\/section>\n\t\t\t\t<\/div>\n\t\t","protected":false},"excerpt":{"rendered":"<p>Por la disparada inflacionaria, los grandes gremios ya van por la reapertura de sus paritarias<\/p>\n","protected":false},"author":1,"featured_media":9039,"comment_status":"closed","ping_status":"open","sticky":false,"template":"","format":"standard","meta":{"footnotes":""},"categories":[94],"tags":[254,346,96,99],"class_list":["post-12728","post","type-post","status-publish","format-standard","has-post-thumbnail","hentry","category-actualidad","tag-254","tag-amor","tag-genta","tag-sutecba"],"yoast_head":"<!-- This site is optimized with the Yoast SEO plugin v27.5 - https:\/\/yoast.com\/product\/yoast-seo-wordpress\/ -->\n<title>Esta es la postura que sostiene nuestro Secretario General Amadeo Genta - S.U.T.E.C.B.A. || Sindicato \u00danico de Trabajadores del Estado de la Ciudad de Buenos Aires<\/title>\n<meta name=\"robots\" content=\"index, follow, max-snippet:-1, max-image-preview:large, max-video-preview:-1\" \/>\n<link rel=\"canonical\" href=\"https:\/\/sutecba.org.ar\/sitio\/2022\/08\/05\/esta-es-la-postura-que-sostiene-nuestro-secretario-general-amadeo-genta\/\" \/>\n<meta property=\"og:locale\" content=\"es_ES\" \/>\n<meta property=\"og:type\" content=\"article\" \/>\n<meta property=\"og:title\" content=\"Esta es la postura que sostiene nuestro Secretario General Amadeo Genta - S.U.T.E.C.B.A. || Sindicato \u00danico de Trabajadores del Estado de la Ciudad de Buenos Aires\" \/>\n<meta property=\"og:description\" content=\"Por la disparada inflacionaria, los grandes gremios ya van por la reapertura de sus paritarias\" \/>\n<meta property=\"og:url\" content=\"https:\/\/sutecba.org.ar\/sitio\/2022\/08\/05\/esta-es-la-postura-que-sostiene-nuestro-secretario-general-amadeo-genta\/\" \/>\n<meta property=\"og:site_name\" content=\"S.U.T.E.C.B.A. || Sindicato \u00danico de Trabajadores del Estado de la Ciudad de Buenos Aires\" \/>\n<meta property=\"article:published_time\" content=\"2022-08-05T21:26:20+00:00\" \/>\n<meta property=\"article:modified_time\" content=\"2022-08-05T21:36:11+00:00\" \/>\n<meta property=\"og:image\" content=\"https:\/\/sutecba.org.ar\/sitio\/wp-content\/uploads\/2021\/08\/noticia1.jpg\" \/>\n\t<meta property=\"og:image:width\" content=\"1024\" \/>\n\t<meta property=\"og:image:height\" content=\"720\" \/>\n\t<meta property=\"og:image:type\" content=\"image\/jpeg\" \/>\n<meta name=\"author\" content=\"Comunicaci\u00f3n Sutecba\" \/>\n<meta name=\"twitter:card\" content=\"summary_large_image\" \/>\n<meta name=\"twitter:label1\" content=\"Escrito por\" \/>\n\t<meta name=\"twitter:data1\" content=\"Comunicaci\u00f3n Sutecba\" \/>\n\t<meta name=\"twitter:label2\" content=\"Tiempo de lectura\" \/>\n\t<meta name=\"twitter:data2\" content=\"4 minutos\" \/>\n<script type=\"application\/ld+json\" class=\"yoast-schema-graph\">{\"@context\":\"https:\\\/\\\/schema.org\",\"@graph\":[{\"@type\":\"Article\",\"@id\":\"https:\\\/\\\/sutecba.org.ar\\\/sitio\\\/2022\\\/08\\\/05\\\/esta-es-la-postura-que-sostiene-nuestro-secretario-general-amadeo-genta\\\/#article\",\"isPartOf\":{\"@id\":\"https:\\\/\\\/sutecba.org.ar\\\/sitio\\\/2022\\\/08\\\/05\\\/esta-es-la-postura-que-sostiene-nuestro-secretario-general-amadeo-genta\\\/\"},\"author\":{\"name\":\"Comunicaci\u00f3n Sutecba\",\"@id\":\"https:\\\/\\\/sutecba.org.ar\\\/sitio\\\/#\\\/schema\\\/person\\\/4fc1c993c1e43eb76dbd2d85779f0b6e\"},\"headline\":\"Esta es la postura que sostiene nuestro Secretario General Amadeo Genta\",\"datePublished\":\"2022-08-05T21:26:20+00:00\",\"dateModified\":\"2022-08-05T21:36:11+00:00\",\"mainEntityOfPage\":{\"@id\":\"https:\\\/\\\/sutecba.org.ar\\\/sitio\\\/2022\\\/08\\\/05\\\/esta-es-la-postura-que-sostiene-nuestro-secretario-general-amadeo-genta\\\/\"},\"wordCount\":810,\"image\":{\"@id\":\"https:\\\/\\\/sutecba.org.ar\\\/sitio\\\/2022\\\/08\\\/05\\\/esta-es-la-postura-que-sostiene-nuestro-secretario-general-amadeo-genta\\\/#primaryimage\"},\"thumbnailUrl\":\"https:\\\/\\\/sutecba.org.ar\\\/sitio\\\/wp-content\\\/uploads\\\/2021\\\/08\\\/noticia1.jpg\",\"keywords\":[\"2022\",\"Amor\",\"Genta\",\"Sutecba\"],\"articleSection\":[\"Actualidad\"],\"inLanguage\":\"es-AR\"},{\"@type\":\"WebPage\",\"@id\":\"https:\\\/\\\/sutecba.org.ar\\\/sitio\\\/2022\\\/08\\\/05\\\/esta-es-la-postura-que-sostiene-nuestro-secretario-general-amadeo-genta\\\/\",\"url\":\"https:\\\/\\\/sutecba.org.ar\\\/sitio\\\/2022\\\/08\\\/05\\\/esta-es-la-postura-que-sostiene-nuestro-secretario-general-amadeo-genta\\\/\",\"name\":\"Esta es la postura que sostiene nuestro Secretario General Amadeo Genta - S.U.T.E.C.B.A. || Sindicato \u00danico de Trabajadores del Estado de la Ciudad de Buenos Aires\",\"isPartOf\":{\"@id\":\"https:\\\/\\\/sutecba.org.ar\\\/sitio\\\/#website\"},\"primaryImageOfPage\":{\"@id\":\"https:\\\/\\\/sutecba.org.ar\\\/sitio\\\/2022\\\/08\\\/05\\\/esta-es-la-postura-que-sostiene-nuestro-secretario-general-amadeo-genta\\\/#primaryimage\"},\"image\":{\"@id\":\"https:\\\/\\\/sutecba.org.ar\\\/sitio\\\/2022\\\/08\\\/05\\\/esta-es-la-postura-que-sostiene-nuestro-secretario-general-amadeo-genta\\\/#primaryimage\"},\"thumbnailUrl\":\"https:\\\/\\\/sutecba.org.ar\\\/sitio\\\/wp-content\\\/uploads\\\/2021\\\/08\\\/noticia1.jpg\",\"datePublished\":\"2022-08-05T21:26:20+00:00\",\"dateModified\":\"2022-08-05T21:36:11+00:00\",\"author\":{\"@id\":\"https:\\\/\\\/sutecba.org.ar\\\/sitio\\\/#\\\/schema\\\/person\\\/4fc1c993c1e43eb76dbd2d85779f0b6e\"},\"breadcrumb\":{\"@id\":\"https:\\\/\\\/sutecba.org.ar\\\/sitio\\\/2022\\\/08\\\/05\\\/esta-es-la-postura-que-sostiene-nuestro-secretario-general-amadeo-genta\\\/#breadcrumb\"},\"inLanguage\":\"es-AR\",\"potentialAction\":[{\"@type\":\"ReadAction\",\"target\":[\"https:\\\/\\\/sutecba.org.ar\\\/sitio\\\/2022\\\/08\\\/05\\\/esta-es-la-postura-que-sostiene-nuestro-secretario-general-amadeo-genta\\\/\"]}]},{\"@type\":\"ImageObject\",\"inLanguage\":\"es-AR\",\"@id\":\"https:\\\/\\\/sutecba.org.ar\\\/sitio\\\/2022\\\/08\\\/05\\\/esta-es-la-postura-que-sostiene-nuestro-secretario-general-amadeo-genta\\\/#primaryimage\",\"url\":\"https:\\\/\\\/sutecba.org.ar\\\/sitio\\\/wp-content\\\/uploads\\\/2021\\\/08\\\/noticia1.jpg\",\"contentUrl\":\"https:\\\/\\\/sutecba.org.ar\\\/sitio\\\/wp-content\\\/uploads\\\/2021\\\/08\\\/noticia1.jpg\",\"width\":1024,\"height\":720},{\"@type\":\"BreadcrumbList\",\"@id\":\"https:\\\/\\\/sutecba.org.ar\\\/sitio\\\/2022\\\/08\\\/05\\\/esta-es-la-postura-que-sostiene-nuestro-secretario-general-amadeo-genta\\\/#breadcrumb\",\"itemListElement\":[{\"@type\":\"ListItem\",\"position\":1,\"name\":\"Inicio\",\"item\":\"https:\\\/\\\/sutecba.org.ar\\\/sitio\\\/\"},{\"@type\":\"ListItem\",\"position\":2,\"name\":\"Esta es la postura que sostiene nuestro Secretario General Amadeo Genta\"}]},{\"@type\":\"WebSite\",\"@id\":\"https:\\\/\\\/sutecba.org.ar\\\/sitio\\\/#website\",\"url\":\"https:\\\/\\\/sutecba.org.ar\\\/sitio\\\/\",\"name\":\"S.U.T.E.C.B.A. || Sindicato \u00danico de Trabajadores del Estado de la Ciudad de Buenos Aires\",\"description\":\"Un Gremio Fuerte, Unido y Solidario.\",\"potentialAction\":[{\"@type\":\"SearchAction\",\"target\":{\"@type\":\"EntryPoint\",\"urlTemplate\":\"https:\\\/\\\/sutecba.org.ar\\\/sitio\\\/?s={search_term_string}\"},\"query-input\":{\"@type\":\"PropertyValueSpecification\",\"valueRequired\":true,\"valueName\":\"search_term_string\"}}],\"inLanguage\":\"es-AR\"},{\"@type\":\"Person\",\"@id\":\"https:\\\/\\\/sutecba.org.ar\\\/sitio\\\/#\\\/schema\\\/person\\\/4fc1c993c1e43eb76dbd2d85779f0b6e\",\"name\":\"Comunicaci\u00f3n Sutecba\",\"image\":{\"@type\":\"ImageObject\",\"inLanguage\":\"es-AR\",\"@id\":\"https:\\\/\\\/secure.gravatar.com\\\/avatar\\\/f3fc05d838c80c573ff0f50048f40b89f68deeb15dca661fcb5fed024f7d361b?s=96&d=mm&r=g\",\"url\":\"https:\\\/\\\/secure.gravatar.com\\\/avatar\\\/f3fc05d838c80c573ff0f50048f40b89f68deeb15dca661fcb5fed024f7d361b?s=96&d=mm&r=g\",\"contentUrl\":\"https:\\\/\\\/secure.gravatar.com\\\/avatar\\\/f3fc05d838c80c573ff0f50048f40b89f68deeb15dca661fcb5fed024f7d361b?s=96&d=mm&r=g\",\"caption\":\"Comunicaci\u00f3n Sutecba\"},\"sameAs\":[\"http:\\\/\\\/sutecba.org.ar\\\/sitio\"],\"url\":\"https:\\\/\\\/sutecba.org.ar\\\/sitio\\\/author\\\/admin\\\/\"}]}<\/script>\n<!-- \/ Yoast SEO plugin. -->","yoast_head_json":{"title":"Esta es la postura que sostiene nuestro Secretario General Amadeo Genta - S.U.T.E.C.B.A. || Sindicato \u00danico de Trabajadores del Estado de la Ciudad de Buenos Aires","robots":{"index":"index","follow":"follow","max-snippet":"max-snippet:-1","max-image-preview":"max-image-preview:large","max-video-preview":"max-video-preview:-1"},"canonical":"https:\/\/sutecba.org.ar\/sitio\/2022\/08\/05\/esta-es-la-postura-que-sostiene-nuestro-secretario-general-amadeo-genta\/","og_locale":"es_ES","og_type":"article","og_title":"Esta es la postura que sostiene nuestro Secretario General Amadeo Genta - S.U.T.E.C.B.A. || Sindicato \u00danico de Trabajadores del Estado de la Ciudad de Buenos Aires","og_description":"Por la disparada inflacionaria, los grandes gremios ya van por la reapertura de sus paritarias","og_url":"https:\/\/sutecba.org.ar\/sitio\/2022\/08\/05\/esta-es-la-postura-que-sostiene-nuestro-secretario-general-amadeo-genta\/","og_site_name":"S.U.T.E.C.B.A. || Sindicato \u00danico de Trabajadores del Estado de la Ciudad de Buenos Aires","article_published_time":"2022-08-05T21:26:20+00:00","article_modified_time":"2022-08-05T21:36:11+00:00","og_image":[{"width":1024,"height":720,"url":"https:\/\/sutecba.org.ar\/sitio\/wp-content\/uploads\/2021\/08\/noticia1.jpg","type":"image\/jpeg"}],"author":"Comunicaci\u00f3n Sutecba","twitter_card":"summary_large_image","twitter_misc":{"Escrito por":"Comunicaci\u00f3n Sutecba","Tiempo de lectura":"4 minutos"},"schema":{"@context":"https:\/\/schema.org","@graph":[{"@type":"Article","@id":"https:\/\/sutecba.org.ar\/sitio\/2022\/08\/05\/esta-es-la-postura-que-sostiene-nuestro-secretario-general-amadeo-genta\/#article","isPartOf":{"@id":"https:\/\/sutecba.org.ar\/sitio\/2022\/08\/05\/esta-es-la-postura-que-sostiene-nuestro-secretario-general-amadeo-genta\/"},"author":{"name":"Comunicaci\u00f3n Sutecba","@id":"https:\/\/sutecba.org.ar\/sitio\/#\/schema\/person\/4fc1c993c1e43eb76dbd2d85779f0b6e"},"headline":"Esta es la postura que sostiene nuestro Secretario General Amadeo Genta","datePublished":"2022-08-05T21:26:20+00:00","dateModified":"2022-08-05T21:36:11+00:00","mainEntityOfPage":{"@id":"https:\/\/sutecba.org.ar\/sitio\/2022\/08\/05\/esta-es-la-postura-que-sostiene-nuestro-secretario-general-amadeo-genta\/"},"wordCount":810,"image":{"@id":"https:\/\/sutecba.org.ar\/sitio\/2022\/08\/05\/esta-es-la-postura-que-sostiene-nuestro-secretario-general-amadeo-genta\/#primaryimage"},"thumbnailUrl":"https:\/\/sutecba.org.ar\/sitio\/wp-content\/uploads\/2021\/08\/noticia1.jpg","keywords":["2022","Amor","Genta","Sutecba"],"articleSection":["Actualidad"],"inLanguage":"es-AR"},{"@type":"WebPage","@id":"https:\/\/sutecba.org.ar\/sitio\/2022\/08\/05\/esta-es-la-postura-que-sostiene-nuestro-secretario-general-amadeo-genta\/","url":"https:\/\/sutecba.org.ar\/sitio\/2022\/08\/05\/esta-es-la-postura-que-sostiene-nuestro-secretario-general-amadeo-genta\/","name":"Esta es la postura que sostiene nuestro Secretario General Amadeo Genta - S.U.T.E.C.B.A. || Sindicato \u00danico de Trabajadores del Estado de la Ciudad de Buenos Aires","isPartOf":{"@id":"https:\/\/sutecba.org.ar\/sitio\/#website"},"primaryImageOfPage":{"@id":"https:\/\/sutecba.org.ar\/sitio\/2022\/08\/05\/esta-es-la-postura-que-sostiene-nuestro-secretario-general-amadeo-genta\/#primaryimage"},"image":{"@id":"https:\/\/sutecba.org.ar\/sitio\/2022\/08\/05\/esta-es-la-postura-que-sostiene-nuestro-secretario-general-amadeo-genta\/#primaryimage"},"thumbnailUrl":"https:\/\/sutecba.org.ar\/sitio\/wp-content\/uploads\/2021\/08\/noticia1.jpg","datePublished":"2022-08-05T21:26:20+00:00","dateModified":"2022-08-05T21:36:11+00:00","author":{"@id":"https:\/\/sutecba.org.ar\/sitio\/#\/schema\/person\/4fc1c993c1e43eb76dbd2d85779f0b6e"},"breadcrumb":{"@id":"https:\/\/sutecba.org.ar\/sitio\/2022\/08\/05\/esta-es-la-postura-que-sostiene-nuestro-secretario-general-amadeo-genta\/#breadcrumb"},"inLanguage":"es-AR","potentialAction":[{"@type":"ReadAction","target":["https:\/\/sutecba.org.ar\/sitio\/2022\/08\/05\/esta-es-la-postura-que-sostiene-nuestro-secretario-general-amadeo-genta\/"]}]},{"@type":"ImageObject","inLanguage":"es-AR","@id":"https:\/\/sutecba.org.ar\/sitio\/2022\/08\/05\/esta-es-la-postura-que-sostiene-nuestro-secretario-general-amadeo-genta\/#primaryimage","url":"https:\/\/sutecba.org.ar\/sitio\/wp-content\/uploads\/2021\/08\/noticia1.jpg","contentUrl":"https:\/\/sutecba.org.ar\/sitio\/wp-content\/uploads\/2021\/08\/noticia1.jpg","width":1024,"height":720},{"@type":"BreadcrumbList","@id":"https:\/\/sutecba.org.ar\/sitio\/2022\/08\/05\/esta-es-la-postura-que-sostiene-nuestro-secretario-general-amadeo-genta\/#breadcrumb","itemListElement":[{"@type":"ListItem","position":1,"name":"Inicio","item":"https:\/\/sutecba.org.ar\/sitio\/"},{"@type":"ListItem","position":2,"name":"Esta es la postura que sostiene nuestro Secretario General Amadeo Genta"}]},{"@type":"WebSite","@id":"https:\/\/sutecba.org.ar\/sitio\/#website","url":"https:\/\/sutecba.org.ar\/sitio\/","name":"S.U.T.E.C.B.A. || Sindicato \u00danico de Trabajadores del Estado de la Ciudad de Buenos Aires","description":"Un Gremio Fuerte, Unido y Solidario.","potentialAction":[{"@type":"SearchAction","target":{"@type":"EntryPoint","urlTemplate":"https:\/\/sutecba.org.ar\/sitio\/?s={search_term_string}"},"query-input":{"@type":"PropertyValueSpecification","valueRequired":true,"valueName":"search_term_string"}}],"inLanguage":"es-AR"},{"@type":"Person","@id":"https:\/\/sutecba.org.ar\/sitio\/#\/schema\/person\/4fc1c993c1e43eb76dbd2d85779f0b6e","name":"Comunicaci\u00f3n Sutecba","image":{"@type":"ImageObject","inLanguage":"es-AR","@id":"https:\/\/secure.gravatar.com\/avatar\/f3fc05d838c80c573ff0f50048f40b89f68deeb15dca661fcb5fed024f7d361b?s=96&d=mm&r=g","url":"https:\/\/secure.gravatar.com\/avatar\/f3fc05d838c80c573ff0f50048f40b89f68deeb15dca661fcb5fed024f7d361b?s=96&d=mm&r=g","contentUrl":"https:\/\/secure.gravatar.com\/avatar\/f3fc05d838c80c573ff0f50048f40b89f68deeb15dca661fcb5fed024f7d361b?s=96&d=mm&r=g","caption":"Comunicaci\u00f3n Sutecba"},"sameAs":["http:\/\/sutecba.org.ar\/sitio"],"url":"https:\/\/sutecba.org.ar\/sitio\/author\/admin\/"}]}},"jetpack_featured_media_url":"https:\/\/sutecba.org.ar\/sitio\/wp-content\/uploads\/2021\/08\/noticia1.jpg","_links":{"self":[{"href":"https:\/\/sutecba.org.ar\/sitio\/wp-json\/wp\/v2\/posts\/12728","targetHints":{"allow":["GET"]}}],"collection":[{"href":"https:\/\/sutecba.org.ar\/sitio\/wp-json\/wp\/v2\/posts"}],"about":[{"href":"https:\/\/sutecba.org.ar\/sitio\/wp-json\/wp\/v2\/types\/post"}],"author":[{"embeddable":true,"href":"https:\/\/sutecba.org.ar\/sitio\/wp-json\/wp\/v2\/users\/1"}],"replies":[{"embeddable":true,"href":"https:\/\/sutecba.org.ar\/sitio\/wp-json\/wp\/v2\/comments?post=12728"}],"version-history":[{"count":5,"href":"https:\/\/sutecba.org.ar\/sitio\/wp-json\/wp\/v2\/posts\/12728\/revisions"}],"predecessor-version":[{"id":12748,"href":"https:\/\/sutecba.org.ar\/sitio\/wp-json\/wp\/v2\/posts\/12728\/revisions\/12748"}],"wp:featuredmedia":[{"embeddable":true,"href":"https:\/\/sutecba.org.ar\/sitio\/wp-json\/wp\/v2\/media\/9039"}],"wp:attachment":[{"href":"https:\/\/sutecba.org.ar\/sitio\/wp-json\/wp\/v2\/media?parent=12728"}],"wp:term":[{"taxonomy":"category","embeddable":true,"href":"https:\/\/sutecba.org.ar\/sitio\/wp-json\/wp\/v2\/categories?post=12728"},{"taxonomy":"post_tag","embeddable":true,"href":"https:\/\/sutecba.org.ar\/sitio\/wp-json\/wp\/v2\/tags?post=12728"}],"curies":[{"name":"wp","href":"https:\/\/api.w.org\/{rel}","templated":true}]}}