{"id":11983,"date":"2022-06-13T16:01:27","date_gmt":"2022-06-13T19:01:27","guid":{"rendered":"https:\/\/sutecba.org.ar\/sitio\/?p=11983"},"modified":"2022-06-13T16:13:05","modified_gmt":"2022-06-13T19:13:05","slug":"el-senado-de-la-nacion-reconocio-al-sec-de-organizacion-de-sutecba-el-companero-anibal-torretta","status":"publish","type":"post","link":"https:\/\/sutecba.org.ar\/sitio\/2022\/06\/13\/el-senado-de-la-nacion-reconocio-al-sec-de-organizacion-de-sutecba-el-companero-anibal-torretta\/","title":{"rendered":"El Senado de la Naci\u00f3n reconoci\u00f3 al Sec. De Organizaci\u00f3n de SUTECBA, el compa\u00f1ero Anibal Torretta"},"content":{"rendered":"\t\t<div data-elementor-type=\"wp-post\" data-elementor-id=\"11983\" class=\"elementor elementor-11983\">\n\t\t\t\t\t\t<section class=\"elementor-section elementor-top-section elementor-element elementor-element-1279711b elementor-section-boxed elementor-section-height-default elementor-section-height-default wd-section-disabled\" data-id=\"1279711b\" data-element_type=\"section\" data-e-type=\"section\" data-settings=\"{&quot;ekit_has_onepagescroll_dot&quot;:&quot;yes&quot;}\">\n\t\t\t\t\t\t<div class=\"elementor-container elementor-column-gap-default\">\n\t\t\t\t\t<div class=\"elementor-column elementor-col-100 elementor-top-column elementor-element elementor-element-49c58d98\" data-id=\"49c58d98\" data-element_type=\"column\" data-e-type=\"column\">\n\t\t\t<div class=\"elementor-widget-wrap elementor-element-populated\">\n\t\t\t\t\t\t<div class=\"elementor-element elementor-element-9eb2ed8 elementor-widget elementor-widget-wd_text_block\" data-id=\"9eb2ed8\" data-element_type=\"widget\" data-e-type=\"widget\" data-settings=\"{&quot;ekit_we_effect_on&quot;:&quot;none&quot;}\" data-widget_type=\"wd_text_block.default\">\n\t\t\t\t<div class=\"elementor-widget-container\">\n\t\t\t\t\t\t\t\t<link rel=\"stylesheet\" id=\"wd-text-block-css\" href=\"https:\/\/sutecba.org.ar\/sitio\/wp-content\/themes\/woodmart\/css\/parts\/el-text-block.min.css?ver=6.2.3\" type=\"text\/css\" media=\"all\" \/> \t\t\t\t\t<div class=\"wd-text-block reset-last-child text-left\">\n\t\t\t\n\t\t\t<p>El Senado de la Naci\u00f3n reconoci\u00f3 al Sec. De Organizaci\u00f3n de SUTECBA, el compa\u00f1ero Anibal Torretta, por las tareas sociales realizadas a favor de fundaci\u00f3n \u201cNo Mas Hambre\u201d que conduce Jimena Gallardo, y otras actividades relacionadas con la solidaridad a los m\u00e1s necesitados.<br \/>Seguimos el ejemplo dado por nuestro Sec. Gral. Amadeo Genta y tantos otros compa\u00f1eros que a lo largo de la vida del gremio hicieron de la solidaridad una forma de vida.<\/p>\n\t\t\t\t\t<\/div>\n\t\t\t\t\t\t<\/div>\n\t\t\t\t<\/div>\n\t\t\t\t\t<\/div>\n\t\t<\/div>\n\t\t\t\t\t<\/div>\n\t\t<\/section>\n\t\t\t\t<section class=\"elementor-section elementor-top-section elementor-element elementor-element-71548b1f elementor-section-boxed elementor-section-height-default elementor-section-height-default wd-section-disabled\" data-id=\"71548b1f\" data-element_type=\"section\" data-e-type=\"section\" data-settings=\"{&quot;ekit_has_onepagescroll_dot&quot;:&quot;yes&quot;}\">\n\t\t\t\t\t\t<div class=\"elementor-container elementor-column-gap-default\">\n\t\t\t\t\t<div class=\"elementor-column elementor-col-100 elementor-top-column elementor-element elementor-element-67f95532\" data-id=\"67f95532\" data-element_type=\"column\" data-e-type=\"column\">\n\t\t\t<div class=\"elementor-widget-wrap elementor-element-populated\">\n\t\t\t\t\t\t<div class=\"elementor-element elementor-element-73da9561 elementor-widget elementor-widget-wd_images_gallery\" data-id=\"73da9561\" data-element_type=\"widget\" data-e-type=\"widget\" data-settings=\"{&quot;ekit_we_effect_on&quot;:&quot;none&quot;}\" data-widget_type=\"wd_images_gallery.default\">\n\t\t\t\t<div class=\"elementor-widget-container\">\n\t\t\t\t\t\t\t\t<link rel=\"stylesheet\" id=\"wd-photoswipe-css\" href=\"https:\/\/sutecba.org.ar\/sitio\/wp-content\/themes\/woodmart\/css\/parts\/lib-photoswipe.min.css?ver=6.2.3\" type=\"text\/css\" media=\"all\" \/> \t\t\t\t\t\t<link rel=\"stylesheet\" id=\"wd-lazy-loading-css\" href=\"https:\/\/sutecba.org.ar\/sitio\/wp-content\/themes\/woodmart\/css\/parts\/opt-lazy-load.min.css?ver=6.2.3\" type=\"text\/css\" media=\"all\" \/> \t\t\t\t\t\t<link rel=\"stylesheet\" id=\"wd-image-gallery-css\" href=\"https:\/\/sutecba.org.ar\/sitio\/wp-content\/themes\/woodmart\/css\/parts\/el-gallery.min.css?ver=6.2.3\" type=\"text\/css\" media=\"all\" \/> \t\t\t\t\t<div class=\"wd-images-gallery wd-justify-center wd-items-middle view-masonry photoswipe-images\" >\n\t\t\t<div class=\"gallery-images row wd-spacing-6\">\n\t\t\t\t\t\t\t\t\t\t\t\t\t\t<div class=\"wd-gallery-item  col-md-4 col-6\">\n\t\t\t\t\t\t\t\t\t\t\t\t\t<a  href=\"https:\/\/sutecba.org.ar\/sitio\/wp-content\/uploads\/2022\/06\/WhatsApp-Image-2022-06-13-at-12.44.58-PM.jpeg\"data-width=\"939\" data-height=\"538\" data-index=\"1\" data-elementor-open-lightbox=\"no\">\n\t\t\t\t\t\t\n\t\t\t\t\t\t<img decoding=\"async\" class=\"wd-lazy-load wd-lazy-fade\" src=\"https:\/\/sutecba.org.ar\/sitio\/wp-content\/themes\/woodmart\/images\/lazy.png\" data-wood-src=\"https:\/\/sutecba.org.ar\/sitio\/wp-content\/uploads\/2022\/06\/WhatsApp-Image-2022-06-13-at-12.44.58-PM.jpeg\"alt=\"Anibal Torretta\">\n\t\t\t\t\t\t\t\t\t\t\t\t\t<\/a>\n\t\t\t\t\t\t\t\t\t\t\t<\/div>\n\t\t\t\t\t\t\t\t\t\t\t\t\t\t\t<div class=\"wd-gallery-item  col-md-4 col-6\">\n\t\t\t\t\t\t\t\t\t\t\t\t\t<a  href=\"https:\/\/sutecba.org.ar\/sitio\/wp-content\/uploads\/2022\/06\/WhatsApp-Image-2022-06-13-at-12.45.01-PM-1.jpeg\"data-width=\"1125\" data-height=\"1114\" data-index=\"2\" data-elementor-open-lightbox=\"no\">\n\t\t\t\t\t\t\n\t\t\t\t\t\t<img decoding=\"async\" class=\"wd-lazy-load wd-lazy-fade\" src=\"https:\/\/sutecba.org.ar\/sitio\/wp-content\/themes\/woodmart\/images\/lazy.png\" data-wood-src=\"https:\/\/sutecba.org.ar\/sitio\/wp-content\/uploads\/2022\/06\/WhatsApp-Image-2022-06-13-at-12.45.01-PM-1.jpeg\"alt=\"Anibal Torretta\">\n\t\t\t\t\t\t\t\t\t\t\t\t\t<\/a>\n\t\t\t\t\t\t\t\t\t\t\t<\/div>\n\t\t\t\t\t\t\t\t\t\t\t\t\t\t\t<div class=\"wd-gallery-item  col-md-4 col-6\">\n\t\t\t\t\t\t\t\t\t\t\t\t\t<a  href=\"https:\/\/sutecba.org.ar\/sitio\/wp-content\/uploads\/2022\/06\/WhatsApp-Image-2022-06-13-at-12.45.05-PM.jpeg\"data-width=\"960\" data-height=\"1280\" data-index=\"3\" data-elementor-open-lightbox=\"no\">\n\t\t\t\t\t\t\n\t\t\t\t\t\t<img decoding=\"async\" class=\"wd-lazy-load wd-lazy-fade\" src=\"https:\/\/sutecba.org.ar\/sitio\/wp-content\/themes\/woodmart\/images\/lazy.png\" data-wood-src=\"https:\/\/sutecba.org.ar\/sitio\/wp-content\/uploads\/2022\/06\/WhatsApp-Image-2022-06-13-at-12.45.05-PM.jpeg\"alt=\"Anibal Torretta\">\n\t\t\t\t\t\t\t\t\t\t\t\t\t<\/a>\n\t\t\t\t\t\t\t\t\t\t\t<\/div>\n\t\t\t\t\t\t\t\t\t\t\t\t\t\t\t<div class=\"wd-gallery-item  col-md-4 col-6\">\n\t\t\t\t\t\t\t\t\t\t\t\t\t<a  href=\"https:\/\/sutecba.org.ar\/sitio\/wp-content\/uploads\/2022\/06\/WhatsApp-Image-2022-06-13-at-12.45.16-PM.jpeg\"data-width=\"1280\" data-height=\"605\" data-index=\"4\" data-elementor-open-lightbox=\"no\">\n\t\t\t\t\t\t\n\t\t\t\t\t\t<img decoding=\"async\" class=\"wd-lazy-load wd-lazy-fade\" src=\"https:\/\/sutecba.org.ar\/sitio\/wp-content\/themes\/woodmart\/images\/lazy.png\" data-wood-src=\"https:\/\/sutecba.org.ar\/sitio\/wp-content\/uploads\/2022\/06\/WhatsApp-Image-2022-06-13-at-12.45.16-PM.jpeg\"alt=\"Anibal Torretta\">\n\t\t\t\t\t\t\t\t\t\t\t\t\t<\/a>\n\t\t\t\t\t\t\t\t\t\t\t<\/div>\n\t\t\t\t\t\t\t\t\t\t\t\t\t\t\t<div class=\"wd-gallery-item  col-md-4 col-6\">\n\t\t\t\t\t\t\t\t\t\t\t\t\t<a  href=\"https:\/\/sutecba.org.ar\/sitio\/wp-content\/uploads\/2022\/06\/WhatsApp-Image-2022-06-13-at-12.45.23-PM.jpeg\"data-width=\"605\" data-height=\"1280\" data-index=\"5\" data-elementor-open-lightbox=\"no\">\n\t\t\t\t\t\t\n\t\t\t\t\t\t<img decoding=\"async\" class=\"wd-lazy-load wd-lazy-fade\" src=\"https:\/\/sutecba.org.ar\/sitio\/wp-content\/themes\/woodmart\/images\/lazy.png\" data-wood-src=\"https:\/\/sutecba.org.ar\/sitio\/wp-content\/uploads\/2022\/06\/WhatsApp-Image-2022-06-13-at-12.45.23-PM.jpeg\"alt=\"Anibal Torretta\">\n\t\t\t\t\t\t\t\t\t\t\t\t\t<\/a>\n\t\t\t\t\t\t\t\t\t\t\t<\/div>\n\t\t\t\t\t\t\t\t\t\t\t\t\t\t\t<div class=\"wd-gallery-item  col-md-4 col-6\">\n\t\t\t\t\t\t\t\t\t\t\t\t\t<a  href=\"https:\/\/sutecba.org.ar\/sitio\/wp-content\/uploads\/2022\/06\/WhatsApp-Image-2022-06-13-at-12.45.12-PM-e1655146921689.jpeg\"data-width=\"1050\" data-height=\"610\" data-index=\"6\" data-elementor-open-lightbox=\"no\">\n\t\t\t\t\t\t\n\t\t\t\t\t\t<img decoding=\"async\" class=\"wd-lazy-load wd-lazy-fade\" src=\"https:\/\/sutecba.org.ar\/sitio\/wp-content\/themes\/woodmart\/images\/lazy.png\" data-wood-src=\"https:\/\/sutecba.org.ar\/sitio\/wp-content\/uploads\/2022\/06\/WhatsApp-Image-2022-06-13-at-12.45.12-PM-e1655146921689.jpeg\"alt=\"Anibal Torretta\">\n\t\t\t\t\t\t\t\t\t\t\t\t\t<\/a>\n\t\t\t\t\t\t\t\t\t\t\t<\/div>\n\t\t\t\t\t\t\t\t<\/div>\n\t\t<\/div>\n\t\t\t\t\t\t<\/div>\n\t\t\t\t<\/div>\n\t\t\t\t\t<\/div>\n\t\t<\/div>\n\t\t\t\t\t<\/div>\n\t\t<\/section>\n\t\t\t\t<\/div>\n\t\t","protected":false},"excerpt":{"rendered":"<p>El Senado de la Naci\u00f3n reconoci\u00f3 al Sec. De Organizaci\u00f3n de SUTECBA, el compa\u00f1ero Anibal Torretta.<\/p>\n","protected":false},"author":1,"featured_media":11985,"comment_status":"closed","ping_status":"open","sticky":false,"template":"elementor_header_footer","format":"standard","meta":{"footnotes":""},"categories":[94],"tags":[302,99,304],"class_list":["post-11983","post","type-post","status-publish","format-standard","has-post-thumbnail","hentry","category-actualidad","tag-senado","tag-sutecba","tag-torretta"],"yoast_head":"<!-- This site is optimized with the Yoast SEO plugin v27.4 - https:\/\/yoast.com\/product\/yoast-seo-wordpress\/ -->\n<title>El Senado de la Naci\u00f3n reconoci\u00f3 al Sec. De Organizaci\u00f3n de SUTECBA, el compa\u00f1ero Anibal Torretta - S.U.T.E.C.B.A. || Sindicato \u00danico de Trabajadores del Estado de la Ciudad de Buenos Aires<\/title>\n<meta name=\"robots\" content=\"index, follow, max-snippet:-1, max-image-preview:large, max-video-preview:-1\" \/>\n<link rel=\"canonical\" href=\"https:\/\/sutecba.org.ar\/sitio\/2022\/06\/13\/el-senado-de-la-nacion-reconocio-al-sec-de-organizacion-de-sutecba-el-companero-anibal-torretta\/\" \/>\n<meta property=\"og:locale\" content=\"es_ES\" \/>\n<meta property=\"og:type\" content=\"article\" \/>\n<meta property=\"og:title\" content=\"El Senado de la Naci\u00f3n reconoci\u00f3 al Sec. De Organizaci\u00f3n de SUTECBA, el compa\u00f1ero Anibal Torretta - S.U.T.E.C.B.A. || Sindicato \u00danico de Trabajadores del Estado de la Ciudad de Buenos Aires\" \/>\n<meta property=\"og:description\" content=\"El Senado de la Naci\u00f3n reconoci\u00f3 al Sec. De Organizaci\u00f3n de SUTECBA, el compa\u00f1ero Anibal Torretta.\" \/>\n<meta property=\"og:url\" content=\"https:\/\/sutecba.org.ar\/sitio\/2022\/06\/13\/el-senado-de-la-nacion-reconocio-al-sec-de-organizacion-de-sutecba-el-companero-anibal-torretta\/\" \/>\n<meta property=\"og:site_name\" content=\"S.U.T.E.C.B.A. || Sindicato \u00danico de Trabajadores del Estado de la Ciudad de Buenos Aires\" \/>\n<meta property=\"article:published_time\" content=\"2022-06-13T19:01:27+00:00\" \/>\n<meta property=\"article:modified_time\" content=\"2022-06-13T19:13:05+00:00\" \/>\n<meta property=\"og:image\" content=\"https:\/\/sutecba.org.ar\/sitio\/wp-content\/uploads\/2022\/06\/WhatsApp-Image-2022-06-13-at-12.45.12-PM-e1655146921689.jpeg\" \/>\n\t<meta property=\"og:image:width\" content=\"1050\" \/>\n\t<meta property=\"og:image:height\" content=\"610\" \/>\n\t<meta property=\"og:image:type\" content=\"image\/jpeg\" \/>\n<meta name=\"author\" content=\"Comunicaci\u00f3n Sutecba\" \/>\n<meta name=\"twitter:card\" content=\"summary_large_image\" \/>\n<meta name=\"twitter:label1\" content=\"Escrito por\" \/>\n\t<meta name=\"twitter:data1\" content=\"Comunicaci\u00f3n Sutecba\" \/>\n\t<meta name=\"twitter:label2\" content=\"Tiempo de lectura\" \/>\n\t<meta name=\"twitter:data2\" content=\"2 minutos\" \/>\n<script type=\"application\/ld+json\" class=\"yoast-schema-graph\">{\"@context\":\"https:\\\/\\\/schema.org\",\"@graph\":[{\"@type\":\"Article\",\"@id\":\"https:\\\/\\\/sutecba.org.ar\\\/sitio\\\/2022\\\/06\\\/13\\\/el-senado-de-la-nacion-reconocio-al-sec-de-organizacion-de-sutecba-el-companero-anibal-torretta\\\/#article\",\"isPartOf\":{\"@id\":\"https:\\\/\\\/sutecba.org.ar\\\/sitio\\\/2022\\\/06\\\/13\\\/el-senado-de-la-nacion-reconocio-al-sec-de-organizacion-de-sutecba-el-companero-anibal-torretta\\\/\"},\"author\":{\"name\":\"Comunicaci\u00f3n Sutecba\",\"@id\":\"https:\\\/\\\/sutecba.org.ar\\\/sitio\\\/#\\\/schema\\\/person\\\/4fc1c993c1e43eb76dbd2d85779f0b6e\"},\"headline\":\"El Senado de la Naci\u00f3n reconoci\u00f3 al Sec. De Organizaci\u00f3n de SUTECBA, el compa\u00f1ero Anibal Torretta\",\"datePublished\":\"2022-06-13T19:01:27+00:00\",\"dateModified\":\"2022-06-13T19:13:05+00:00\",\"mainEntityOfPage\":{\"@id\":\"https:\\\/\\\/sutecba.org.ar\\\/sitio\\\/2022\\\/06\\\/13\\\/el-senado-de-la-nacion-reconocio-al-sec-de-organizacion-de-sutecba-el-companero-anibal-torretta\\\/\"},\"wordCount\":99,\"image\":{\"@id\":\"https:\\\/\\\/sutecba.org.ar\\\/sitio\\\/2022\\\/06\\\/13\\\/el-senado-de-la-nacion-reconocio-al-sec-de-organizacion-de-sutecba-el-companero-anibal-torretta\\\/#primaryimage\"},\"thumbnailUrl\":\"https:\\\/\\\/sutecba.org.ar\\\/sitio\\\/wp-content\\\/uploads\\\/2022\\\/06\\\/WhatsApp-Image-2022-06-13-at-12.45.12-PM-e1655146921689.jpeg\",\"keywords\":[\"senado\",\"Sutecba\",\"torretta\"],\"articleSection\":[\"Actualidad\"],\"inLanguage\":\"es-AR\"},{\"@type\":\"WebPage\",\"@id\":\"https:\\\/\\\/sutecba.org.ar\\\/sitio\\\/2022\\\/06\\\/13\\\/el-senado-de-la-nacion-reconocio-al-sec-de-organizacion-de-sutecba-el-companero-anibal-torretta\\\/\",\"url\":\"https:\\\/\\\/sutecba.org.ar\\\/sitio\\\/2022\\\/06\\\/13\\\/el-senado-de-la-nacion-reconocio-al-sec-de-organizacion-de-sutecba-el-companero-anibal-torretta\\\/\",\"name\":\"El Senado de la Naci\u00f3n reconoci\u00f3 al Sec. De Organizaci\u00f3n de SUTECBA, el compa\u00f1ero Anibal Torretta - S.U.T.E.C.B.A. || Sindicato \u00danico de Trabajadores del Estado de la Ciudad de Buenos Aires\",\"isPartOf\":{\"@id\":\"https:\\\/\\\/sutecba.org.ar\\\/sitio\\\/#website\"},\"primaryImageOfPage\":{\"@id\":\"https:\\\/\\\/sutecba.org.ar\\\/sitio\\\/2022\\\/06\\\/13\\\/el-senado-de-la-nacion-reconocio-al-sec-de-organizacion-de-sutecba-el-companero-anibal-torretta\\\/#primaryimage\"},\"image\":{\"@id\":\"https:\\\/\\\/sutecba.org.ar\\\/sitio\\\/2022\\\/06\\\/13\\\/el-senado-de-la-nacion-reconocio-al-sec-de-organizacion-de-sutecba-el-companero-anibal-torretta\\\/#primaryimage\"},\"thumbnailUrl\":\"https:\\\/\\\/sutecba.org.ar\\\/sitio\\\/wp-content\\\/uploads\\\/2022\\\/06\\\/WhatsApp-Image-2022-06-13-at-12.45.12-PM-e1655146921689.jpeg\",\"datePublished\":\"2022-06-13T19:01:27+00:00\",\"dateModified\":\"2022-06-13T19:13:05+00:00\",\"author\":{\"@id\":\"https:\\\/\\\/sutecba.org.ar\\\/sitio\\\/#\\\/schema\\\/person\\\/4fc1c993c1e43eb76dbd2d85779f0b6e\"},\"breadcrumb\":{\"@id\":\"https:\\\/\\\/sutecba.org.ar\\\/sitio\\\/2022\\\/06\\\/13\\\/el-senado-de-la-nacion-reconocio-al-sec-de-organizacion-de-sutecba-el-companero-anibal-torretta\\\/#breadcrumb\"},\"inLanguage\":\"es-AR\",\"potentialAction\":[{\"@type\":\"ReadAction\",\"target\":[\"https:\\\/\\\/sutecba.org.ar\\\/sitio\\\/2022\\\/06\\\/13\\\/el-senado-de-la-nacion-reconocio-al-sec-de-organizacion-de-sutecba-el-companero-anibal-torretta\\\/\"]}]},{\"@type\":\"ImageObject\",\"inLanguage\":\"es-AR\",\"@id\":\"https:\\\/\\\/sutecba.org.ar\\\/sitio\\\/2022\\\/06\\\/13\\\/el-senado-de-la-nacion-reconocio-al-sec-de-organizacion-de-sutecba-el-companero-anibal-torretta\\\/#primaryimage\",\"url\":\"https:\\\/\\\/sutecba.org.ar\\\/sitio\\\/wp-content\\\/uploads\\\/2022\\\/06\\\/WhatsApp-Image-2022-06-13-at-12.45.12-PM-e1655146921689.jpeg\",\"contentUrl\":\"https:\\\/\\\/sutecba.org.ar\\\/sitio\\\/wp-content\\\/uploads\\\/2022\\\/06\\\/WhatsApp-Image-2022-06-13-at-12.45.12-PM-e1655146921689.jpeg\",\"width\":1050,\"height\":610},{\"@type\":\"BreadcrumbList\",\"@id\":\"https:\\\/\\\/sutecba.org.ar\\\/sitio\\\/2022\\\/06\\\/13\\\/el-senado-de-la-nacion-reconocio-al-sec-de-organizacion-de-sutecba-el-companero-anibal-torretta\\\/#breadcrumb\",\"itemListElement\":[{\"@type\":\"ListItem\",\"position\":1,\"name\":\"Inicio\",\"item\":\"https:\\\/\\\/sutecba.org.ar\\\/sitio\\\/\"},{\"@type\":\"ListItem\",\"position\":2,\"name\":\"El Senado de la Naci\u00f3n reconoci\u00f3 al Sec. De Organizaci\u00f3n de SUTECBA, el compa\u00f1ero Anibal Torretta\"}]},{\"@type\":\"WebSite\",\"@id\":\"https:\\\/\\\/sutecba.org.ar\\\/sitio\\\/#website\",\"url\":\"https:\\\/\\\/sutecba.org.ar\\\/sitio\\\/\",\"name\":\"S.U.T.E.C.B.A. || Sindicato \u00danico de Trabajadores del Estado de la Ciudad de Buenos Aires\",\"description\":\"Un Gremio Fuerte, Unido y Solidario.\",\"potentialAction\":[{\"@type\":\"SearchAction\",\"target\":{\"@type\":\"EntryPoint\",\"urlTemplate\":\"https:\\\/\\\/sutecba.org.ar\\\/sitio\\\/?s={search_term_string}\"},\"query-input\":{\"@type\":\"PropertyValueSpecification\",\"valueRequired\":true,\"valueName\":\"search_term_string\"}}],\"inLanguage\":\"es-AR\"},{\"@type\":\"Person\",\"@id\":\"https:\\\/\\\/sutecba.org.ar\\\/sitio\\\/#\\\/schema\\\/person\\\/4fc1c993c1e43eb76dbd2d85779f0b6e\",\"name\":\"Comunicaci\u00f3n Sutecba\",\"image\":{\"@type\":\"ImageObject\",\"inLanguage\":\"es-AR\",\"@id\":\"https:\\\/\\\/secure.gravatar.com\\\/avatar\\\/f3fc05d838c80c573ff0f50048f40b89f68deeb15dca661fcb5fed024f7d361b?s=96&d=mm&r=g\",\"url\":\"https:\\\/\\\/secure.gravatar.com\\\/avatar\\\/f3fc05d838c80c573ff0f50048f40b89f68deeb15dca661fcb5fed024f7d361b?s=96&d=mm&r=g\",\"contentUrl\":\"https:\\\/\\\/secure.gravatar.com\\\/avatar\\\/f3fc05d838c80c573ff0f50048f40b89f68deeb15dca661fcb5fed024f7d361b?s=96&d=mm&r=g\",\"caption\":\"Comunicaci\u00f3n Sutecba\"},\"sameAs\":[\"http:\\\/\\\/sutecba.org.ar\\\/sitio\"],\"url\":\"https:\\\/\\\/sutecba.org.ar\\\/sitio\\\/author\\\/admin\\\/\"}]}<\/script>\n<!-- \/ Yoast SEO plugin. -->","yoast_head_json":{"title":"El Senado de la Naci\u00f3n reconoci\u00f3 al Sec. De Organizaci\u00f3n de SUTECBA, el compa\u00f1ero Anibal Torretta - S.U.T.E.C.B.A. || Sindicato \u00danico de Trabajadores del Estado de la Ciudad de Buenos Aires","robots":{"index":"index","follow":"follow","max-snippet":"max-snippet:-1","max-image-preview":"max-image-preview:large","max-video-preview":"max-video-preview:-1"},"canonical":"https:\/\/sutecba.org.ar\/sitio\/2022\/06\/13\/el-senado-de-la-nacion-reconocio-al-sec-de-organizacion-de-sutecba-el-companero-anibal-torretta\/","og_locale":"es_ES","og_type":"article","og_title":"El Senado de la Naci\u00f3n reconoci\u00f3 al Sec. De Organizaci\u00f3n de SUTECBA, el compa\u00f1ero Anibal Torretta - S.U.T.E.C.B.A. || Sindicato \u00danico de Trabajadores del Estado de la Ciudad de Buenos Aires","og_description":"El Senado de la Naci\u00f3n reconoci\u00f3 al Sec. De Organizaci\u00f3n de SUTECBA, el compa\u00f1ero Anibal Torretta.","og_url":"https:\/\/sutecba.org.ar\/sitio\/2022\/06\/13\/el-senado-de-la-nacion-reconocio-al-sec-de-organizacion-de-sutecba-el-companero-anibal-torretta\/","og_site_name":"S.U.T.E.C.B.A. || Sindicato \u00danico de Trabajadores del Estado de la Ciudad de Buenos Aires","article_published_time":"2022-06-13T19:01:27+00:00","article_modified_time":"2022-06-13T19:13:05+00:00","og_image":[{"width":1050,"height":610,"url":"https:\/\/sutecba.org.ar\/sitio\/wp-content\/uploads\/2022\/06\/WhatsApp-Image-2022-06-13-at-12.45.12-PM-e1655146921689.jpeg","type":"image\/jpeg"}],"author":"Comunicaci\u00f3n Sutecba","twitter_card":"summary_large_image","twitter_misc":{"Escrito por":"Comunicaci\u00f3n Sutecba","Tiempo de lectura":"2 minutos"},"schema":{"@context":"https:\/\/schema.org","@graph":[{"@type":"Article","@id":"https:\/\/sutecba.org.ar\/sitio\/2022\/06\/13\/el-senado-de-la-nacion-reconocio-al-sec-de-organizacion-de-sutecba-el-companero-anibal-torretta\/#article","isPartOf":{"@id":"https:\/\/sutecba.org.ar\/sitio\/2022\/06\/13\/el-senado-de-la-nacion-reconocio-al-sec-de-organizacion-de-sutecba-el-companero-anibal-torretta\/"},"author":{"name":"Comunicaci\u00f3n Sutecba","@id":"https:\/\/sutecba.org.ar\/sitio\/#\/schema\/person\/4fc1c993c1e43eb76dbd2d85779f0b6e"},"headline":"El Senado de la Naci\u00f3n reconoci\u00f3 al Sec. De Organizaci\u00f3n de SUTECBA, el compa\u00f1ero Anibal Torretta","datePublished":"2022-06-13T19:01:27+00:00","dateModified":"2022-06-13T19:13:05+00:00","mainEntityOfPage":{"@id":"https:\/\/sutecba.org.ar\/sitio\/2022\/06\/13\/el-senado-de-la-nacion-reconocio-al-sec-de-organizacion-de-sutecba-el-companero-anibal-torretta\/"},"wordCount":99,"image":{"@id":"https:\/\/sutecba.org.ar\/sitio\/2022\/06\/13\/el-senado-de-la-nacion-reconocio-al-sec-de-organizacion-de-sutecba-el-companero-anibal-torretta\/#primaryimage"},"thumbnailUrl":"https:\/\/sutecba.org.ar\/sitio\/wp-content\/uploads\/2022\/06\/WhatsApp-Image-2022-06-13-at-12.45.12-PM-e1655146921689.jpeg","keywords":["senado","Sutecba","torretta"],"articleSection":["Actualidad"],"inLanguage":"es-AR"},{"@type":"WebPage","@id":"https:\/\/sutecba.org.ar\/sitio\/2022\/06\/13\/el-senado-de-la-nacion-reconocio-al-sec-de-organizacion-de-sutecba-el-companero-anibal-torretta\/","url":"https:\/\/sutecba.org.ar\/sitio\/2022\/06\/13\/el-senado-de-la-nacion-reconocio-al-sec-de-organizacion-de-sutecba-el-companero-anibal-torretta\/","name":"El Senado de la Naci\u00f3n reconoci\u00f3 al Sec. De Organizaci\u00f3n de SUTECBA, el compa\u00f1ero Anibal Torretta - S.U.T.E.C.B.A. || Sindicato \u00danico de Trabajadores del Estado de la Ciudad de Buenos Aires","isPartOf":{"@id":"https:\/\/sutecba.org.ar\/sitio\/#website"},"primaryImageOfPage":{"@id":"https:\/\/sutecba.org.ar\/sitio\/2022\/06\/13\/el-senado-de-la-nacion-reconocio-al-sec-de-organizacion-de-sutecba-el-companero-anibal-torretta\/#primaryimage"},"image":{"@id":"https:\/\/sutecba.org.ar\/sitio\/2022\/06\/13\/el-senado-de-la-nacion-reconocio-al-sec-de-organizacion-de-sutecba-el-companero-anibal-torretta\/#primaryimage"},"thumbnailUrl":"https:\/\/sutecba.org.ar\/sitio\/wp-content\/uploads\/2022\/06\/WhatsApp-Image-2022-06-13-at-12.45.12-PM-e1655146921689.jpeg","datePublished":"2022-06-13T19:01:27+00:00","dateModified":"2022-06-13T19:13:05+00:00","author":{"@id":"https:\/\/sutecba.org.ar\/sitio\/#\/schema\/person\/4fc1c993c1e43eb76dbd2d85779f0b6e"},"breadcrumb":{"@id":"https:\/\/sutecba.org.ar\/sitio\/2022\/06\/13\/el-senado-de-la-nacion-reconocio-al-sec-de-organizacion-de-sutecba-el-companero-anibal-torretta\/#breadcrumb"},"inLanguage":"es-AR","potentialAction":[{"@type":"ReadAction","target":["https:\/\/sutecba.org.ar\/sitio\/2022\/06\/13\/el-senado-de-la-nacion-reconocio-al-sec-de-organizacion-de-sutecba-el-companero-anibal-torretta\/"]}]},{"@type":"ImageObject","inLanguage":"es-AR","@id":"https:\/\/sutecba.org.ar\/sitio\/2022\/06\/13\/el-senado-de-la-nacion-reconocio-al-sec-de-organizacion-de-sutecba-el-companero-anibal-torretta\/#primaryimage","url":"https:\/\/sutecba.org.ar\/sitio\/wp-content\/uploads\/2022\/06\/WhatsApp-Image-2022-06-13-at-12.45.12-PM-e1655146921689.jpeg","contentUrl":"https:\/\/sutecba.org.ar\/sitio\/wp-content\/uploads\/2022\/06\/WhatsApp-Image-2022-06-13-at-12.45.12-PM-e1655146921689.jpeg","width":1050,"height":610},{"@type":"BreadcrumbList","@id":"https:\/\/sutecba.org.ar\/sitio\/2022\/06\/13\/el-senado-de-la-nacion-reconocio-al-sec-de-organizacion-de-sutecba-el-companero-anibal-torretta\/#breadcrumb","itemListElement":[{"@type":"ListItem","position":1,"name":"Inicio","item":"https:\/\/sutecba.org.ar\/sitio\/"},{"@type":"ListItem","position":2,"name":"El Senado de la Naci\u00f3n reconoci\u00f3 al Sec. De Organizaci\u00f3n de SUTECBA, el compa\u00f1ero Anibal Torretta"}]},{"@type":"WebSite","@id":"https:\/\/sutecba.org.ar\/sitio\/#website","url":"https:\/\/sutecba.org.ar\/sitio\/","name":"S.U.T.E.C.B.A. || Sindicato \u00danico de Trabajadores del Estado de la Ciudad de Buenos Aires","description":"Un Gremio Fuerte, Unido y Solidario.","potentialAction":[{"@type":"SearchAction","target":{"@type":"EntryPoint","urlTemplate":"https:\/\/sutecba.org.ar\/sitio\/?s={search_term_string}"},"query-input":{"@type":"PropertyValueSpecification","valueRequired":true,"valueName":"search_term_string"}}],"inLanguage":"es-AR"},{"@type":"Person","@id":"https:\/\/sutecba.org.ar\/sitio\/#\/schema\/person\/4fc1c993c1e43eb76dbd2d85779f0b6e","name":"Comunicaci\u00f3n Sutecba","image":{"@type":"ImageObject","inLanguage":"es-AR","@id":"https:\/\/secure.gravatar.com\/avatar\/f3fc05d838c80c573ff0f50048f40b89f68deeb15dca661fcb5fed024f7d361b?s=96&d=mm&r=g","url":"https:\/\/secure.gravatar.com\/avatar\/f3fc05d838c80c573ff0f50048f40b89f68deeb15dca661fcb5fed024f7d361b?s=96&d=mm&r=g","contentUrl":"https:\/\/secure.gravatar.com\/avatar\/f3fc05d838c80c573ff0f50048f40b89f68deeb15dca661fcb5fed024f7d361b?s=96&d=mm&r=g","caption":"Comunicaci\u00f3n Sutecba"},"sameAs":["http:\/\/sutecba.org.ar\/sitio"],"url":"https:\/\/sutecba.org.ar\/sitio\/author\/admin\/"}]}},"jetpack_featured_media_url":"https:\/\/sutecba.org.ar\/sitio\/wp-content\/uploads\/2022\/06\/WhatsApp-Image-2022-06-13-at-12.45.12-PM-e1655146921689.jpeg","_links":{"self":[{"href":"https:\/\/sutecba.org.ar\/sitio\/wp-json\/wp\/v2\/posts\/11983","targetHints":{"allow":["GET"]}}],"collection":[{"href":"https:\/\/sutecba.org.ar\/sitio\/wp-json\/wp\/v2\/posts"}],"about":[{"href":"https:\/\/sutecba.org.ar\/sitio\/wp-json\/wp\/v2\/types\/post"}],"author":[{"embeddable":true,"href":"https:\/\/sutecba.org.ar\/sitio\/wp-json\/wp\/v2\/users\/1"}],"replies":[{"embeddable":true,"href":"https:\/\/sutecba.org.ar\/sitio\/wp-json\/wp\/v2\/comments?post=11983"}],"version-history":[{"count":4,"href":"https:\/\/sutecba.org.ar\/sitio\/wp-json\/wp\/v2\/posts\/11983\/revisions"}],"predecessor-version":[{"id":12001,"href":"https:\/\/sutecba.org.ar\/sitio\/wp-json\/wp\/v2\/posts\/11983\/revisions\/12001"}],"wp:featuredmedia":[{"embeddable":true,"href":"https:\/\/sutecba.org.ar\/sitio\/wp-json\/wp\/v2\/media\/11985"}],"wp:attachment":[{"href":"https:\/\/sutecba.org.ar\/sitio\/wp-json\/wp\/v2\/media?parent=11983"}],"wp:term":[{"taxonomy":"category","embeddable":true,"href":"https:\/\/sutecba.org.ar\/sitio\/wp-json\/wp\/v2\/categories?post=11983"},{"taxonomy":"post_tag","embeddable":true,"href":"https:\/\/sutecba.org.ar\/sitio\/wp-json\/wp\/v2\/tags?post=11983"}],"curies":[{"name":"wp","href":"https:\/\/api.w.org\/{rel}","templated":true}]}}